{"id":4157,"date":"2023-02-09T16:55:14","date_gmt":"2023-02-09T15:55:14","guid":{"rendered":"https:\/\/www.asociacionaralar.org\/los-jovenes-navarros-cada-vez-mas-ludopatas\/"},"modified":"2023-08-01T12:49:15","modified_gmt":"2023-08-01T11:49:15","slug":"los-jovenes-navarros-cada-vez-mas-ludopatas","status":"publish","type":"post","link":"https:\/\/www.asociacionaralar.org\/eu\/los-jovenes-navarros-cada-vez-mas-ludopatas\/","title":{"rendered":"Los j\u00f3venes navarros, cada vez m\u00e1s lud\u00f3patas"},"content":{"rendered":"<div class=\"fusion-fullwidth fullwidth-box fusion-builder-row-1 fusion-flex-container nonhundred-percent-fullwidth non-hundred-percent-height-scrolling\" style=\"--awb-border-radius-top-left:0px;--awb-border-radius-top-right:0px;--awb-border-radius-bottom-right:0px;--awb-border-radius-bottom-left:0px;--awb-padding-right:20px;--awb-padding-left:20px;--awb-flex-wrap:wrap;\" ><div class=\"fusion-builder-row fusion-row fusion-flex-align-items-flex-start fusion-flex-content-wrap\" style=\"max-width:1372.8px;margin-left: calc(-4% \/ 2 );margin-right: calc(-4% \/ 2 );\"><div class=\"fusion-layout-column fusion_builder_column fusion-builder-column-0 fusion_builder_column_1_1 1_1 fusion-flex-column\" style=\"--awb-bg-size:cover;--awb-width-large:100%;--awb-margin-top-large:0px;--awb-spacing-right-large:1.92%;--awb-margin-bottom-large:20px;--awb-spacing-left-large:1.92%;--awb-width-medium:100%;--awb-order-medium:0;--awb-spacing-right-medium:1.92%;--awb-spacing-left-medium:1.92%;--awb-width-small:100%;--awb-order-small:0;--awb-spacing-right-small:1.92%;--awb-spacing-left-small:1.92%;\"><div class=\"fusion-column-wrapper fusion-column-has-shadow fusion-flex-justify-content-flex-start fusion-content-layout-column\"><div class=\"fusion-text fusion-text-1\" style=\"--awb-content-alignment:left;\"><p><span style=\"font-weight: 400;\">Este es el t\u00edtulo del<strong> reportaje de Radio Nacional de Espa\u00f1a<\/strong>, en el que una persona que ha hecho su proceso en Aralar cuenta en primera persona su experiencia con el juego. Testimonios que estremecen. Procesos duros pero, finalmente, las personas piden ayuda y\u00a0 recuperan su vida.<\/span><\/p>\n<p>El periodista Ignacio Leache conversa con Manu, que dej\u00f3 de jugar hace cuatro a\u00f1os, y con Amaya Amatrian, psic\u00f3loga de la Asociaci\u00f3n Aralar que explica\u00a0<span style=\"font-weight: 400;\">c\u00f3mo trabajamos en la asociaci\u00f3n.\u00a0<\/span><\/p>\n<\/div><div class=\"fusion-separator fusion-full-width-sep\" style=\"align-self: center;margin-left: auto;margin-right: auto;margin-top:10px;width:100%;\"><\/div><div class=\"fusion-audio fusion-audio-1\" style=\"--awb-progress-color:var(--awb-color1);--awb-border-color:var(--awb-color1);--awb-background-color:var(--awb-color8);--awb-max-width:100%;--awb-border-size:0;--awb-border-top-left-radius:0px;--awb-border-top-right-radius:0px;--awb-border-bottom-right-radius:0px;--awb-border-bottom-left-radius:0px;\"><audio class=\"wp-audio-shortcode\" id=\"audio-4157-1\" preload=\"none\" style=\"width: 100%;\" controls=\"controls\"><source type=\"audio\/mpeg\" src=\"https:\/\/mediavod-lvlt.rtve.es\/resources\/TE_SCRON07\/mp3\/8\/6\/1674721989468.mp3?_=1\" \/><a href=\"https:\/\/mediavod-lvlt.rtve.es\/resources\/TE_SCRON07\/mp3\/8\/6\/1674721989468.mp3\">https:\/\/mediavod-lvlt.rtve.es\/resources\/TE_SCRON07\/mp3\/8\/6\/1674721989468.mp3<\/a><\/audio><\/div><\/div><\/div><\/div><\/div>\n","protected":false},"excerpt":{"rendered":"<p>Manu empez\u00f3 a jugar a las tragaperras con dieciseis a\u00f1os y aunque pueda resultar chocante, no lo es tanto. Seg\u00fan la Asociaci\u00f3n Aralar, que previene la ludopat\u00eda en Navarra,  6 dcada 10 personas que les piden ayuda son hombres menores de treina a\u00f1os. El juego se est\u00e1 extendiendo de manera preocupante entre la poblaci\u00f3n joven. <\/p>\n","protected":false},"author":2,"featured_media":3949,"comment_status":"open","ping_status":"open","sticky":false,"template":"","format":"standard","meta":{"footnotes":""},"categories":[56],"tags":[],"class_list":["post-4157","post","type-post","status-publish","format-standard","has-post-thumbnail","hentry","category-prevencion-formacion-eu"],"_links":{"self":[{"href":"https:\/\/www.asociacionaralar.org\/eu\/wp-json\/wp\/v2\/posts\/4157","targetHints":{"allow":["GET"]}}],"collection":[{"href":"https:\/\/www.asociacionaralar.org\/eu\/wp-json\/wp\/v2\/posts"}],"about":[{"href":"https:\/\/www.asociacionaralar.org\/eu\/wp-json\/wp\/v2\/types\/post"}],"author":[{"embeddable":true,"href":"https:\/\/www.asociacionaralar.org\/eu\/wp-json\/wp\/v2\/users\/2"}],"replies":[{"embeddable":true,"href":"https:\/\/www.asociacionaralar.org\/eu\/wp-json\/wp\/v2\/comments?post=4157"}],"version-history":[{"count":1,"href":"https:\/\/www.asociacionaralar.org\/eu\/wp-json\/wp\/v2\/posts\/4157\/revisions"}],"predecessor-version":[{"id":4158,"href":"https:\/\/www.asociacionaralar.org\/eu\/wp-json\/wp\/v2\/posts\/4157\/revisions\/4158"}],"wp:featuredmedia":[{"embeddable":true,"href":"https:\/\/www.asociacionaralar.org\/eu\/wp-json\/wp\/v2\/media\/3949"}],"wp:attachment":[{"href":"https:\/\/www.asociacionaralar.org\/eu\/wp-json\/wp\/v2\/media?parent=4157"}],"wp:term":[{"taxonomy":"category","embeddable":true,"href":"https:\/\/www.asociacionaralar.org\/eu\/wp-json\/wp\/v2\/categories?post=4157"},{"taxonomy":"post_tag","embeddable":true,"href":"https:\/\/www.asociacionaralar.org\/eu\/wp-json\/wp\/v2\/tags?post=4157"}],"curies":[{"name":"wp","href":"https:\/\/api.w.org\/{rel}","templated":true}]}}