{"id":4162,"date":"2023-03-15T10:47:48","date_gmt":"2023-03-15T09:47:48","guid":{"rendered":"https:\/\/www.asociacionaralar.org\/visitamos-el-programa-el-cofre-del-capitan-morgan-de-atica-fm\/"},"modified":"2023-08-01T12:50:32","modified_gmt":"2023-08-01T11:50:32","slug":"visitamos-el-programa-el-cofre-del-capitan-morgan-de-atica-fm","status":"publish","type":"post","link":"https:\/\/www.asociacionaralar.org\/eu\/visitamos-el-programa-el-cofre-del-capitan-morgan-de-atica-fm\/","title":{"rendered":"Visitamos el programa &#8220;El cofre del Capit\u00e1n Morgan&#8221; de Atica FM"},"content":{"rendered":"<p><img decoding=\"async\" class=\"lazyload  wp-image-3808 alignleft\" src=\"https:\/\/www.asociacionaralar.org\/wp-content\/uploads\/2023\/03\/WhatsApp-Image-2023-03-13-at-22.06.33-1.jpeg\" data-orig-src=\"https:\/\/www.asociacionaralar.org\/wp-content\/uploads\/2023\/03\/WhatsApp-Image-2023-03-13-at-22.06.33-1.jpeg\" alt=\"\" width=\"438\" height=\"328\" srcset=\"data:image\/svg+xml,%3Csvg%20xmlns%3D%27http%3A%2F%2Fwww.w3.org%2F2000%2Fsvg%27%20width%3D%27438%27%20height%3D%27328%27%20viewBox%3D%270%200%20438%20328%27%3E%3Crect%20width%3D%27438%27%20height%3D%27328%27%20fill-opacity%3D%220%22%2F%3E%3C%2Fsvg%3E\" data-srcset=\"https:\/\/www.asociacionaralar.org\/wp-content\/uploads\/2023\/03\/WhatsApp-Image-2023-03-13-at-22.06.33-1-200x150.jpeg 200w, https:\/\/www.asociacionaralar.org\/wp-content\/uploads\/2023\/03\/WhatsApp-Image-2023-03-13-at-22.06.33-1-300x225.jpeg 300w, https:\/\/www.asociacionaralar.org\/wp-content\/uploads\/2023\/03\/WhatsApp-Image-2023-03-13-at-22.06.33-1-400x300.jpeg 400w, https:\/\/www.asociacionaralar.org\/wp-content\/uploads\/2023\/03\/WhatsApp-Image-2023-03-13-at-22.06.33-1-600x450.jpeg 600w, https:\/\/www.asociacionaralar.org\/wp-content\/uploads\/2023\/03\/WhatsApp-Image-2023-03-13-at-22.06.33-1-768x576.jpeg 768w, https:\/\/www.asociacionaralar.org\/wp-content\/uploads\/2023\/03\/WhatsApp-Image-2023-03-13-at-22.06.33-1-800x600.jpeg 800w, https:\/\/www.asociacionaralar.org\/wp-content\/uploads\/2023\/03\/WhatsApp-Image-2023-03-13-at-22.06.33-1-1024x768.jpeg 1024w, https:\/\/www.asociacionaralar.org\/wp-content\/uploads\/2023\/03\/WhatsApp-Image-2023-03-13-at-22.06.33-1-1200x900.jpeg 1200w, https:\/\/www.asociacionaralar.org\/wp-content\/uploads\/2023\/03\/WhatsApp-Image-2023-03-13-at-22.06.33-1-1320x990.jpeg 1320w, https:\/\/www.asociacionaralar.org\/wp-content\/uploads\/2023\/03\/WhatsApp-Image-2023-03-13-at-22.06.33-1-1536x1152.jpeg 1536w, https:\/\/www.asociacionaralar.org\/wp-content\/uploads\/2023\/03\/WhatsApp-Image-2023-03-13-at-22.06.33-1.jpeg 2048w\" data-sizes=\"auto\" data-orig-sizes=\"(max-width: 438px) 100vw, 438px\" \/>El pasado 13 de marzo visitamos el Cofre del Capit\u00e1n Morgan, un programa de Atica Radio FM, referente en tem\u00e1ticas sociales.\u00a0 Entrevistaron a nuestra compa\u00f1era Teresa Burgui.<\/p>\n<p>Tuvimos oportunidad de hablar del trabajo de Aralar, del auge de los juegos de azar, del fen\u00f3meno de las apuestas deportivas, de prevenci\u00f3n, del acceso a los salones de juego y a las m\u00e1quinas instaladas en los bares.<\/p>\n<p>Fue un encuentro muy agradable, compartiendo espacio con la Asociaci\u00f3n<a href=\"https:\/\/asociacionhazialdea.wordpress.com\/\"> HAZIALDEA.<\/a><\/p>\n<p>Pod\u00e9is escuchar la entrevisa en este<a href=\"https:\/\/goo.gl\/maps\/cpWYkkw6irWAHWGK9\"> PODCAST<\/a><\/p>\n","protected":false},"excerpt":{"rendered":"<p>El pasado 13 de marzo visitamos el Cofre del Capit\u00e1n  &#8230;<\/p>\n","protected":false},"author":3,"featured_media":3974,"comment_status":"open","ping_status":"open","sticky":false,"template":"","format":"standard","meta":{"footnotes":""},"categories":[55],"tags":[],"class_list":["post-4162","post","type-post","status-publish","format-standard","has-post-thumbnail","hentry","category-la-asociacion-eu"],"_links":{"self":[{"href":"https:\/\/www.asociacionaralar.org\/eu\/wp-json\/wp\/v2\/posts\/4162","targetHints":{"allow":["GET"]}}],"collection":[{"href":"https:\/\/www.asociacionaralar.org\/eu\/wp-json\/wp\/v2\/posts"}],"about":[{"href":"https:\/\/www.asociacionaralar.org\/eu\/wp-json\/wp\/v2\/types\/post"}],"author":[{"embeddable":true,"href":"https:\/\/www.asociacionaralar.org\/eu\/wp-json\/wp\/v2\/users\/3"}],"replies":[{"embeddable":true,"href":"https:\/\/www.asociacionaralar.org\/eu\/wp-json\/wp\/v2\/comments?post=4162"}],"version-history":[{"count":1,"href":"https:\/\/www.asociacionaralar.org\/eu\/wp-json\/wp\/v2\/posts\/4162\/revisions"}],"predecessor-version":[{"id":4163,"href":"https:\/\/www.asociacionaralar.org\/eu\/wp-json\/wp\/v2\/posts\/4162\/revisions\/4163"}],"wp:featuredmedia":[{"embeddable":true,"href":"https:\/\/www.asociacionaralar.org\/eu\/wp-json\/wp\/v2\/media\/3974"}],"wp:attachment":[{"href":"https:\/\/www.asociacionaralar.org\/eu\/wp-json\/wp\/v2\/media?parent=4162"}],"wp:term":[{"taxonomy":"category","embeddable":true,"href":"https:\/\/www.asociacionaralar.org\/eu\/wp-json\/wp\/v2\/categories?post=4162"},{"taxonomy":"post_tag","embeddable":true,"href":"https:\/\/www.asociacionaralar.org\/eu\/wp-json\/wp\/v2\/tags?post=4162"}],"curies":[{"name":"wp","href":"https:\/\/api.w.org\/{rel}","templated":true}]}}