{"id":4166,"date":"2023-03-30T10:25:30","date_gmt":"2023-03-30T09:25:30","guid":{"rendered":"https:\/\/www.asociacionaralar.org\/el-proyecto-presentado-por-aralar-a-la-convocatoria-de-la-fundacion-la-caixa-es-uno-de-los-35-seleccionados\/"},"modified":"2023-03-30T10:25:30","modified_gmt":"2023-03-30T09:25:30","slug":"el-proyecto-presentado-por-aralar-a-la-convocatoria-de-la-fundacion-la-caixa-es-uno-de-los-35-seleccionados","status":"publish","type":"post","link":"https:\/\/www.asociacionaralar.org\/eu\/el-proyecto-presentado-por-aralar-a-la-convocatoria-de-la-fundacion-la-caixa-es-uno-de-los-35-seleccionados\/","title":{"rendered":"El proyecto presentado por Aralar a la convocatoria de la Fundaci\u00f3n La Caixa es uno de los 35 seleccionados"},"content":{"rendered":"<div id=\"attachment_3804\" style=\"width: 459px\" class=\"wp-caption alignleft\"><img decoding=\"async\" aria-describedby=\"caption-attachment-3804\" class=\"lazyload  wp-image-3804\" src=\"https:\/\/www.asociacionaralar.org\/wp-content\/uploads\/2023\/03\/NAVARRA-Resolucion-Convocatoria-Proyectos-Sociales-scaled.jpg\" data-orig-src=\"https:\/\/www.asociacionaralar.org\/wp-content\/uploads\/2023\/03\/NAVARRA-Resolucion-Convocatoria-Proyectos-Sociales-scaled.jpg\" alt=\"\" width=\"449\" height=\"299\" srcset=\"data:image\/svg+xml,%3Csvg%20xmlns%3D%27http%3A%2F%2Fwww.w3.org%2F2000%2Fsvg%27%20width%3D%27449%27%20height%3D%27299%27%20viewBox%3D%270%200%20449%20299%27%3E%3Crect%20width%3D%27449%27%20height%3D%27299%27%20fill-opacity%3D%220%22%2F%3E%3C%2Fsvg%3E\" data-srcset=\"https:\/\/www.asociacionaralar.org\/wp-content\/uploads\/2023\/03\/NAVARRA-Resolucion-Convocatoria-Proyectos-Sociales-200x133.jpg 200w, https:\/\/www.asociacionaralar.org\/wp-content\/uploads\/2023\/03\/NAVARRA-Resolucion-Convocatoria-Proyectos-Sociales-300x200.jpg 300w, https:\/\/www.asociacionaralar.org\/wp-content\/uploads\/2023\/03\/NAVARRA-Resolucion-Convocatoria-Proyectos-Sociales-400x267.jpg 400w, https:\/\/www.asociacionaralar.org\/wp-content\/uploads\/2023\/03\/NAVARRA-Resolucion-Convocatoria-Proyectos-Sociales-600x400.jpg 600w, https:\/\/www.asociacionaralar.org\/wp-content\/uploads\/2023\/03\/NAVARRA-Resolucion-Convocatoria-Proyectos-Sociales-768x512.jpg 768w, https:\/\/www.asociacionaralar.org\/wp-content\/uploads\/2023\/03\/NAVARRA-Resolucion-Convocatoria-Proyectos-Sociales-800x534.jpg 800w, https:\/\/www.asociacionaralar.org\/wp-content\/uploads\/2023\/03\/NAVARRA-Resolucion-Convocatoria-Proyectos-Sociales-1024x683.jpg 1024w, https:\/\/www.asociacionaralar.org\/wp-content\/uploads\/2023\/03\/NAVARRA-Resolucion-Convocatoria-Proyectos-Sociales-1200x800.jpg 1200w, https:\/\/www.asociacionaralar.org\/wp-content\/uploads\/2023\/03\/NAVARRA-Resolucion-Convocatoria-Proyectos-Sociales-1320x880.jpg 1320w, https:\/\/www.asociacionaralar.org\/wp-content\/uploads\/2023\/03\/NAVARRA-Resolucion-Convocatoria-Proyectos-Sociales-1536x1024.jpg 1536w, https:\/\/www.asociacionaralar.org\/wp-content\/uploads\/2023\/03\/NAVARRA-Resolucion-Convocatoria-Proyectos-Sociales-scaled.jpg 2560w\" data-sizes=\"auto\" data-orig-sizes=\"(max-width: 449px) 100vw, 449px\" \/><p id=\"caption-attachment-3804\" class=\"wp-caption-text\">Un momento del acto de presentaci\u00f3n<\/p><\/div>\n<p>El proyecto presentado por Aralar a la Convocatoria de Proyectos Sociales de la Fundaci\u00f3n \u201dla Caixa\u201d ha sido uno de los 35 seleccionados, entre los 102 presentados en Navarra.<\/p>\n<p>Este proyecto permitir\u00e1 a Aralar seguir atendiendo y apoyando a personas con adicci\u00f3n al juego. El a\u00f1o pasado fueron 118 las personas afectadas directas atendidas, adem\u00e1s de sus familias.<\/p>\n<p>El pasado 27 de marzo asistimos a la presentaci\u00f3n del resultado de esta convocatoria que corri\u00f3 a cargo de la delegada de la Fundaci\u00f3n \u201dla Caixa\u201d en Navarra,\u00a0Izaskun Azcona; la consejera de Derechos Sociales del Gobierno de Navarra,\u00a0Mar\u00eda del Carmen Maeztu; y la directora comercial en Navarra de CaixaBank,\u00a0Itziar Ega\u00f1a. En el acto las responsables de la instituci\u00f3n se\u00f1alaron la alta calidad de las propuestas presentadas y seleccionadas.<\/p>\n<p>Estos 35 proyectos a los que se destinar\u00e1, en conjunto, 938.690 euros. lo que supone un 171% m\u00e1s que el a\u00f1o anterior, permitir\u00e1n atender a un total de\u00a0 13.643 personas en situaci\u00f3n de vulnerabilidad.<\/p>\n<div id=\"intext-sunmedia-1\">\n<div id=\"sm-it-main-container-1680167783921\" class=\"sm-it-main-container\" data-it=\"2c6f5947-18a8-44ce-8257-638fe99cbd03\" data-device=\"desktop\" data-index=\"0\">\n<div class=\"sm-reference\">Los proyectos est\u00e1n repartidos en seis \u00e1mbitos de actuaci\u00f3n: personas mayores y retos derivados del envejecimiento, personas con discapacidad o trastorno mental, humanizaci\u00f3n de la salud, lucha contra la pobreza y la exclusi\u00f3n social, inserci\u00f3n sociolaboral, e interculturalidad y acci\u00f3n social.<\/div>\n<\/div>\n<\/div>\n","protected":false},"excerpt":{"rendered":"<p>El proyecto presentado por Aralar a la Convocatoria de Proyectos  &#8230;<\/p>\n","protected":false},"author":3,"featured_media":3973,"comment_status":"open","ping_status":"open","sticky":false,"template":"","format":"standard","meta":{"footnotes":""},"categories":[55,1],"tags":[],"class_list":["post-4166","post","type-post","status-publish","format-standard","has-post-thumbnail","hentry","category-la-asociacion-eu","category-sin-categorizar"],"_links":{"self":[{"href":"https:\/\/www.asociacionaralar.org\/eu\/wp-json\/wp\/v2\/posts\/4166","targetHints":{"allow":["GET"]}}],"collection":[{"href":"https:\/\/www.asociacionaralar.org\/eu\/wp-json\/wp\/v2\/posts"}],"about":[{"href":"https:\/\/www.asociacionaralar.org\/eu\/wp-json\/wp\/v2\/types\/post"}],"author":[{"embeddable":true,"href":"https:\/\/www.asociacionaralar.org\/eu\/wp-json\/wp\/v2\/users\/3"}],"replies":[{"embeddable":true,"href":"https:\/\/www.asociacionaralar.org\/eu\/wp-json\/wp\/v2\/comments?post=4166"}],"version-history":[{"count":0,"href":"https:\/\/www.asociacionaralar.org\/eu\/wp-json\/wp\/v2\/posts\/4166\/revisions"}],"wp:featuredmedia":[{"embeddable":true,"href":"https:\/\/www.asociacionaralar.org\/eu\/wp-json\/wp\/v2\/media\/3973"}],"wp:attachment":[{"href":"https:\/\/www.asociacionaralar.org\/eu\/wp-json\/wp\/v2\/media?parent=4166"}],"wp:term":[{"taxonomy":"category","embeddable":true,"href":"https:\/\/www.asociacionaralar.org\/eu\/wp-json\/wp\/v2\/categories?post=4166"},{"taxonomy":"post_tag","embeddable":true,"href":"https:\/\/www.asociacionaralar.org\/eu\/wp-json\/wp\/v2\/tags?post=4166"}],"curies":[{"name":"wp","href":"https:\/\/api.w.org\/{rel}","templated":true}]}}