{"id":4169,"date":"2023-04-21T13:06:34","date_gmt":"2023-04-21T12:06:34","guid":{"rendered":"https:\/\/www.asociacionaralar.org\/dos-lecturas-sobre-ludopatia-recomendadas-en-el-dia-del-libro\/"},"modified":"2023-04-21T13:06:34","modified_gmt":"2023-04-21T12:06:34","slug":"dos-lecturas-sobre-ludopatia-recomendadas-en-el-dia-del-libro","status":"publish","type":"post","link":"https:\/\/www.asociacionaralar.org\/eu\/dos-lecturas-sobre-ludopatia-recomendadas-en-el-dia-del-libro\/","title":{"rendered":"Dos lecturas sobre ludopat\u00eda recomendadas en el D\u00eda del Libro"},"content":{"rendered":"<p>Con motivo de la cele<img decoding=\"async\" class=\"lazyload  wp-image-3825 alignleft\" src=\"data:image\/svg+xml,%3Csvg%20xmlns%3D%27http%3A%2F%2Fwww.w3.org%2F2000%2Fsvg%27%20width%3D%27279%27%20height%3D%27419%27%20viewBox%3D%270%200%20279%20419%27%3E%3Crect%20width%3D%27279%27%20height%3D%27419%27%20fill-opacity%3D%220%22%2F%3E%3C%2Fsvg%3E\" data-orig-src=\"https:\/\/www.asociacionaralar.org\/wp-content\/uploads\/2023\/04\/9788498889895.gif\" alt=\"\" width=\"279\" height=\"419\" \/>braci\u00f3n del D\u00eda del libro, estas son dos lecturas que recomendamos.<\/p>\n<p>Por una parte, &#8220;Ludomorfina&#8221;, para comprender mejor la ludopat\u00eda, de David Pere Mart\u00ednez es Doctor en Psicolog\u00eda Social, experto en metodolog\u00edas de investigaci\u00f3n de fen\u00f3menos sociales complejos y en la actualidad es coordinador de la \u00abUnidad de Pol\u00edticas de Drogas\u00bb de la Universidad Aut\u00f3noma de Barcelona<\/p>\n<p><img decoding=\"async\" class=\"lazyload wp-image-3826 alignright\" src=\"data:image\/svg+xml,%3Csvg%20xmlns%3D%27http%3A%2F%2Fwww.w3.org%2F2000%2Fsvg%27%20width%3D%27265%27%20height%3D%27398%27%20viewBox%3D%270%200%20265%20398%27%3E%3Crect%20width%3D%27265%27%20height%3D%27398%27%20fill-opacity%3D%220%22%2F%3E%3C%2Fsvg%3E\" data-orig-src=\"https:\/\/www.asociacionaralar.org\/wp-content\/uploads\/2023\/04\/la-liebre.jpg\" alt=\"\" width=\"265\" height=\"398\" \/><\/p>\n<p>Por otro, &#8220;La liebre mec\u00e1nica&#8221;, de Ledicia Costas, una novela sobre la ludopat\u00eda entre adolescentes que ha sido galardonada con el Premio Lazarillo. &#8220;Culparles por caer en la ludopat\u00eda es injusto porque, cuando eso le<\/p>\n<p>s sucede, es en gran parte porque los adultos hemos creado un sistema perverso. Todo en el mundo del juego est\u00e1 preparado para llamar su atenci\u00f3n. Todo est\u00e1 vestido de fiesta, lleno de glamour y con est\u00edmulos pensados para generar endorfinas&#8221;, asirma la autora.<\/p>\n<p>&nbsp;<\/p>\n","protected":false},"excerpt":{"rendered":"<p>Con motivo de la celebraci\u00f3n del D\u00eda del libro, estas  &#8230;<\/p>\n","protected":false},"author":3,"featured_media":3978,"comment_status":"open","ping_status":"open","sticky":false,"template":"","format":"standard","meta":{"footnotes":""},"categories":[58,56],"tags":[],"class_list":["post-4169","post","type-post","status-publish","format-standard","has-post-thumbnail","hentry","category-jovenes-eu","category-prevencion-formacion-eu"],"_links":{"self":[{"href":"https:\/\/www.asociacionaralar.org\/eu\/wp-json\/wp\/v2\/posts\/4169","targetHints":{"allow":["GET"]}}],"collection":[{"href":"https:\/\/www.asociacionaralar.org\/eu\/wp-json\/wp\/v2\/posts"}],"about":[{"href":"https:\/\/www.asociacionaralar.org\/eu\/wp-json\/wp\/v2\/types\/post"}],"author":[{"embeddable":true,"href":"https:\/\/www.asociacionaralar.org\/eu\/wp-json\/wp\/v2\/users\/3"}],"replies":[{"embeddable":true,"href":"https:\/\/www.asociacionaralar.org\/eu\/wp-json\/wp\/v2\/comments?post=4169"}],"version-history":[{"count":0,"href":"https:\/\/www.asociacionaralar.org\/eu\/wp-json\/wp\/v2\/posts\/4169\/revisions"}],"wp:featuredmedia":[{"embeddable":true,"href":"https:\/\/www.asociacionaralar.org\/eu\/wp-json\/wp\/v2\/media\/3978"}],"wp:attachment":[{"href":"https:\/\/www.asociacionaralar.org\/eu\/wp-json\/wp\/v2\/media?parent=4169"}],"wp:term":[{"taxonomy":"category","embeddable":true,"href":"https:\/\/www.asociacionaralar.org\/eu\/wp-json\/wp\/v2\/categories?post=4169"},{"taxonomy":"post_tag","embeddable":true,"href":"https:\/\/www.asociacionaralar.org\/eu\/wp-json\/wp\/v2\/tags?post=4169"}],"curies":[{"name":"wp","href":"https:\/\/api.w.org\/{rel}","templated":true}]}}