{"id":5031,"date":"2024-09-18T12:16:06","date_gmt":"2024-09-18T11:16:06","guid":{"rendered":"https:\/\/www.asociacionaralar.org\/aralarren-lan-egiten-dugun-pertsonen-formakuntza-funtsezkoa-da-gure-lana-hobetzeko-horregatik-urrian-bi-hitzordu-ditugu-urriaren-4an-madrilen-izan-ginen-patologia-dualeko-espainiako-elkarteak-sep\/"},"modified":"2024-10-23T10:06:25","modified_gmt":"2024-10-23T09:06:25","slug":"aralarren-lan-egiten-dugun-pertsonen-formakuntza-funtsezkoa-da-gure-lana-hobetzeko-horregatik-urrian-bi-hitzordu-ditugu-urriaren-4an-madrilen-izan-ginen-patologia-dualeko-espainiako-elkarteak-sep","status":"publish","type":"post","link":"https:\/\/www.asociacionaralar.org\/eu\/aralarren-lan-egiten-dugun-pertsonen-formakuntza-funtsezkoa-da-gure-lana-hobetzeko-horregatik-urrian-bi-hitzordu-ditugu-urriaren-4an-madrilen-izan-ginen-patologia-dualeko-espainiako-elkarteak-sep\/","title":{"rendered":"Jokoarekiko mendekotasuna duten pertsonak artatzen dituzten Estatu osoko 36 erakunde bildu dira Iru\u00f1ean"},"content":{"rendered":"<p><strong><img decoding=\"async\" class=\"lazyload wp-image-4955 alignleft\" src=\"https:\/\/www.asociacionaralar.org\/wp-content\/uploads\/2024\/09\/WhatsApp-Image-2024-09-18-at-11.37.22.jpeg\" data-orig-src=\"https:\/\/www.asociacionaralar.org\/wp-content\/uploads\/2024\/09\/WhatsApp-Image-2024-09-18-at-11.37.22.jpeg\" alt=\"\" width=\"599\" height=\"449\" srcset=\"data:image\/svg+xml,%3Csvg%20xmlns%3D%27http%3A%2F%2Fwww.w3.org%2F2000%2Fsvg%27%20width%3D%27599%27%20height%3D%27449%27%20viewBox%3D%270%200%20599%20449%27%3E%3Crect%20width%3D%27599%27%20height%3D%27449%27%20fill-opacity%3D%220%22%2F%3E%3C%2Fsvg%3E\" data-srcset=\"https:\/\/www.asociacionaralar.org\/wp-content\/uploads\/2024\/09\/WhatsApp-Image-2024-09-18-at-11.37.22-200x150.jpeg 200w, https:\/\/www.asociacionaralar.org\/wp-content\/uploads\/2024\/09\/WhatsApp-Image-2024-09-18-at-11.37.22-300x225.jpeg 300w, https:\/\/www.asociacionaralar.org\/wp-content\/uploads\/2024\/09\/WhatsApp-Image-2024-09-18-at-11.37.22-400x300.jpeg 400w, https:\/\/www.asociacionaralar.org\/wp-content\/uploads\/2024\/09\/WhatsApp-Image-2024-09-18-at-11.37.22-600x450.jpeg 600w, https:\/\/www.asociacionaralar.org\/wp-content\/uploads\/2024\/09\/WhatsApp-Image-2024-09-18-at-11.37.22-768x576.jpeg 768w, https:\/\/www.asociacionaralar.org\/wp-content\/uploads\/2024\/09\/WhatsApp-Image-2024-09-18-at-11.37.22-800x600.jpeg 800w, https:\/\/www.asociacionaralar.org\/wp-content\/uploads\/2024\/09\/WhatsApp-Image-2024-09-18-at-11.37.22-1024x768.jpeg 1024w, https:\/\/www.asociacionaralar.org\/wp-content\/uploads\/2024\/09\/WhatsApp-Image-2024-09-18-at-11.37.22-1200x900.jpeg 1200w, https:\/\/www.asociacionaralar.org\/wp-content\/uploads\/2024\/09\/WhatsApp-Image-2024-09-18-at-11.37.22-1320x990.jpeg 1320w, https:\/\/www.asociacionaralar.org\/wp-content\/uploads\/2024\/09\/WhatsApp-Image-2024-09-18-at-11.37.22-1536x1152.jpeg 1536w, https:\/\/www.asociacionaralar.org\/wp-content\/uploads\/2024\/09\/WhatsApp-Image-2024-09-18-at-11.37.22.jpeg 2048w\" data-sizes=\"auto\" data-orig-sizes=\"(max-width: 599px) 100vw, 599px\" \/><\/strong><\/p>\n<p><strong><em>Kongresuak 250 pertsona bildu zituen, eta arreta integrala aztertuko du mendekotasun hori gainditzeko indargune gisa<\/em><\/strong><\/p>\n<p>Estatu osotik etorritako 250 lagunek parte hartu zuten irailaren 20, 21 eta 22an Espainiako Errehabilitatutako Jokalarien Federazioaren 24. Kongresuan. Sare horrek Estatu osoko 36 erakunde biltzen ditu, jokoarekiko mendekotasuna duten pertsonak eta haien familiak artatzen dituztenak.<\/p>\n<p>Nafarroako Ludopatiaren Laguntza eta Prebentziorako Aralar Elkartea izan zen topaketa honen antolatzaile eta anfitrioia. Bertan, arreta integrala landuko da, ausazko jokoen mendekotasuna gainditzeko indargune gisa. Kongresuak Nafarroako Gobernuaren babesa eta Iru\u00f1eko Udalaren laguntza du.<\/p>\n<p>Kongresuaren irekieran jokoaren erregulazioaren eta prebentzioaren arloko estatu-agintariek parte hartu zuten, zehazki, Jokoa Antolatzeko Zuzendari Nagusiak eta Drogei buruzko Plan Nazionalerako Gobernuaren Ordezkariak.<\/p>\n<p>Erkidegoko agintarien aldetik, Amparo L\u00f3pez Antelo, Barne, Funtzio Publiko eta Justiziako kontseilaria, Foru Erkidegoan jokoa arautzeko eskumenak dituena, eta, osasun arloan, Sara Chivite, Osasunbidea-Nafarroako Osasun Zerbitzuko Osasun Mentaleko Gerentziako zuzendaria, izan ziren, Fejar eta Aralarreko presidenteekin batera.<\/p>\n<p>Kongresuaren edizio hau ludopatiari arreta integrala emateko beharrari buruzkoa izan zen, prebentziotik, arretatik, erregulaziotik eta herritarren sentsibilizaziotik abiatuta. Gizarte-eragileen eta adikzioen arretarako sistema publikoaren arteko koordinazioa eta beharrezko aliantzak ere jorratu ziren.<\/p>\n<p>Kongresua aurkezteko egindako prentsaurrekoan, Fejarreko presidente M\u00e1ximo Gutierrezek gogorarazi zuen Fejarren lehen kongresua Iru\u00f1ean ere egin zela, eta adierazi du ludopatiaren prebalentziari buruzko datuen arabera, estatu osoan 480.000 pertsona inguruk dutela mendekotasun hori, baina % 10 baino ez dagoela tratamenduan une honetan. Datu horiek Nafarroara ekarrita, 6.500 pertsonari (biztanleriaren % 1) eragiten die jokoarekiko mendekotasunak, gehienak diagnostikatu gabe.<\/p>\n<p>Bestalde, Nafarroako Gobernuko Barne, Funtzio Publiko eta Justiziako kontseilari Amparo L\u00f3pezek nabarmendu zuen prebentzioko lana Foru Gobernuaren ekintzen ildo estrategikoa dela.<\/p>\n<p>Ildo horretan, sailburuak Joko eta Apustuen Erregelamendu Orokorra garatzearen garrantzia azpimarratu zuen. Testu horrek adingabeak eta kolektibo kalteberak babestea du oinarri, adikzio-arriskuak eta ludopatiak murriztuz, eta, bestalde, mendekotasun- eta esposizio-arriskuak murrizteko, irisgarritasuna murrizteko eta babes-faktoreen gainean jarduteko neurriak ezartzea, hezkuntzatik eta sentsibilizazio sozialetik abiatuta.<\/p>\n<p>Ludopatia duten pertsonei arreta ematen dieten administrazio publikoen eta gizarte-erakundeen arteko aliantzen garrantzia aipatu zuen.<\/p>\n<p>Ondoren, Aralarreko presidentea, Raquel Pardo, oso talde ahula izateagatik kezkatuta agertu zen, adin txikikoak. Artatzen ditugun pertsonen % 60k 35 urte baino gutxiago ditu eta jaisten doa. 2023an, Nafarroan, 14 eta 18 urte bitarteko ikasleen % 31,5ek jokatu du diruarekin jokatzeko modalitateren batean. Jokatzen hasteko adina gero eta goiztiarragoa da, eta, horren ondorioz, Nafarroan 14 eta 18 urte bitarteko adin-taldean dugun prebalentzia-ehuneko handia da, % 6koa, 2023ko datuen arabera. Raquel Pardok, Aralarreko presidenteak, adierazi duenez, herritarren talde horrek izan behar du prebentzio-ekintzen helburu nagusia. Adierazi duenez, Nafarroako Jokoaren Legeak jasotzen du Hezkuntza Departamentuak prebentzio-plan bat ezarriko duela Nafarroako ikastetxeetan, eta bi urte geroago, planaren zain jarraitzen dugu.<\/p>\n<p>Bestalde, jokoarekiko menpekotasunak, atzera egin beharrean, gora egin du, baliabide gehiago ditugulako, Aralarreko presidenteak adierazi duenez. Urte honetan, 2023an baino pertsona gehiago artatu ditugu, 105, hain zuzen ere.<\/p>\n<p>Egoera horren aurrean, prebentzio-neurriak ez ezik, baliabide publiko gehiago eta hobeak ere eskatzen ditugu, joko-arazoak dituzten pertsonei arreta ematen dieten erakundeei arreta eta laguntza emateko.<\/p>\n<p>Azkenik, Pardok gizarte osoari dei egin nahi izan zion, jokoaren normalizazioaren aurrean. &#8220;Hemen, asko gara herriko jaietakoak, eta ikusi dugu uda honetan programa askotan bingoak sartzen direla jaietako egun guztietan, edo establezimendu batzuek erosketarekin oparitzen dizkiguten arraspak. Ez ditzagun zorizko jokoen arriskuak hutsaldu, mesedez.&#8221;<\/p>\n<p>Azkenik, Txema Maule\u00f3n Iru\u00f1eko Udaleko Gizarte Ekintzako zinegotziak gogorarazi zuen Iru\u00f1eak, Nafarroako biztanleen herenak izanda, joko-lokalen % 48 dituela, eta erabat garrantzitsua dela gure hirian prebentzio-ekintzak egiteko beharra, bai eta adingabeak ostalaritzako establezimenduetan makinetara sartzen ez direla zaintzekoa ere.<\/p>\n<p>Ia auzo guztietan mota horretako establezimenduak daude, eta, gainera, fatxadak erakargarri dira. Ulertzen dudanez, hiri batzuetan horrelako irudiak debekatzen dira. Etorkizunean Iru\u00f1ean ere planteatzeko neurri bat izan daiteke.<\/p>\n<p>Hiri osasungarrien alde egiten badugu, bertan bizi direnen osasuna ere zaindu behar dugu, ondorioztatu zuen.<\/p>\n<p>Kongresuko une batzuk iruditan.<\/p>\n\n\t\t<style type=\"text\/css\">\n\t\t\t#gallery-1 {\n\t\t\t\tmargin: auto;\n\t\t\t}\n\t\t\t#gallery-1 .gallery-item {\n\t\t\t\tfloat: left;\n\t\t\t\tmargin-top: 10px;\n\t\t\t\ttext-align: center;\n\t\t\t\twidth: 33%;\n\t\t\t}\n\t\t\t#gallery-1 img {\n\t\t\t\tborder: 2px solid #cfcfcf;\n\t\t\t}\n\t\t\t#gallery-1 .gallery-caption {\n\t\t\t\tmargin-left: 0;\n\t\t\t}\n\t\t\t\/* see gallery_shortcode() in wp-includes\/media.php *\/\n\t\t<\/style>\n\t\t<div id='gallery-1' class='gallery galleryid-5031 gallery-columns-3 gallery-size-medium'><dl class='gallery-item'>\n\t\t\t<dt class='gallery-icon landscape'>\n\t\t\t\t<a data-rel=\"iLightbox[postimages]\" data-title=\"WhatsApp Image 2024-09-23 at 13.25.02\" data-caption=\"\" href='https:\/\/www.asociacionaralar.org\/eu\/aralarren-lan-egiten-dugun-pertsonen-formakuntza-funtsezkoa-da-gure-lana-hobetzeko-horregatik-urrian-bi-hitzordu-ditugu-urriaren-4an-madrilen-izan-ginen-patologia-dualeko-espainiako-elkarteak-sep\/whatsapp-image-2024-09-23-at-13-25-02-2-2\/'><img decoding=\"async\" width=\"300\" height=\"225\" src=\"https:\/\/www.asociacionaralar.org\/wp-content\/uploads\/2024\/09\/WhatsApp-Image-2024-09-23-at-13.25.02-1-300x225.jpeg\" class=\"attachment-medium size-medium lazyload\" alt=\"\" srcset=\"data:image\/svg+xml,%3Csvg%20xmlns%3D%27http%3A%2F%2Fwww.w3.org%2F2000%2Fsvg%27%20width%3D%271600%27%20height%3D%271200%27%20viewBox%3D%270%200%201600%201200%27%3E%3Crect%20width%3D%271600%27%20height%3D%271200%27%20fill-opacity%3D%220%22%2F%3E%3C%2Fsvg%3E\" data-orig-src=\"https:\/\/www.asociacionaralar.org\/wp-content\/uploads\/2024\/09\/WhatsApp-Image-2024-09-23-at-13.25.02-1-300x225.jpeg\" data-srcset=\"https:\/\/www.asociacionaralar.org\/wp-content\/uploads\/2024\/09\/WhatsApp-Image-2024-09-23-at-13.25.02-1-200x150.jpeg 200w, https:\/\/www.asociacionaralar.org\/wp-content\/uploads\/2024\/09\/WhatsApp-Image-2024-09-23-at-13.25.02-1-300x225.jpeg 300w, https:\/\/www.asociacionaralar.org\/wp-content\/uploads\/2024\/09\/WhatsApp-Image-2024-09-23-at-13.25.02-1-400x300.jpeg 400w, https:\/\/www.asociacionaralar.org\/wp-content\/uploads\/2024\/09\/WhatsApp-Image-2024-09-23-at-13.25.02-1-600x450.jpeg 600w, https:\/\/www.asociacionaralar.org\/wp-content\/uploads\/2024\/09\/WhatsApp-Image-2024-09-23-at-13.25.02-1-768x576.jpeg 768w, https:\/\/www.asociacionaralar.org\/wp-content\/uploads\/2024\/09\/WhatsApp-Image-2024-09-23-at-13.25.02-1-800x600.jpeg 800w, https:\/\/www.asociacionaralar.org\/wp-content\/uploads\/2024\/09\/WhatsApp-Image-2024-09-23-at-13.25.02-1-1024x768.jpeg 1024w, https:\/\/www.asociacionaralar.org\/wp-content\/uploads\/2024\/09\/WhatsApp-Image-2024-09-23-at-13.25.02-1-1200x900.jpeg 1200w, https:\/\/www.asociacionaralar.org\/wp-content\/uploads\/2024\/09\/WhatsApp-Image-2024-09-23-at-13.25.02-1-1320x990.jpeg 1320w, https:\/\/www.asociacionaralar.org\/wp-content\/uploads\/2024\/09\/WhatsApp-Image-2024-09-23-at-13.25.02-1-1536x1152.jpeg 1536w, https:\/\/www.asociacionaralar.org\/wp-content\/uploads\/2024\/09\/WhatsApp-Image-2024-09-23-at-13.25.02-1.jpeg 1600w\" data-sizes=\"auto\" \/><\/a>\n\t\t\t<\/dt><\/dl><dl class='gallery-item'>\n\t\t\t<dt class='gallery-icon landscape'>\n\t\t\t\t<a data-rel=\"iLightbox[postimages]\" data-title=\"WhatsApp Image 2024-09-22 at 00.12.04\" data-caption=\"\" href='https:\/\/www.asociacionaralar.org\/eu\/aralarren-lan-egiten-dugun-pertsonen-formakuntza-funtsezkoa-da-gure-lana-hobetzeko-horregatik-urrian-bi-hitzordu-ditugu-urriaren-4an-madrilen-izan-ginen-patologia-dualeko-espainiako-elkarteak-sep\/whatsapp-image-2024-09-22-at-00-12-04-2-2\/'><img decoding=\"async\" width=\"300\" height=\"226\" src=\"https:\/\/www.asociacionaralar.org\/wp-content\/uploads\/2024\/09\/WhatsApp-Image-2024-09-22-at-00.12.04-1-300x226.jpeg\" class=\"attachment-medium size-medium lazyload\" alt=\"\" srcset=\"data:image\/svg+xml,%3Csvg%20xmlns%3D%27http%3A%2F%2Fwww.w3.org%2F2000%2Fsvg%27%20width%3D%271600%27%20height%3D%271204%27%20viewBox%3D%270%200%201600%201204%27%3E%3Crect%20width%3D%271600%27%20height%3D%271204%27%20fill-opacity%3D%220%22%2F%3E%3C%2Fsvg%3E\" data-orig-src=\"https:\/\/www.asociacionaralar.org\/wp-content\/uploads\/2024\/09\/WhatsApp-Image-2024-09-22-at-00.12.04-1-300x226.jpeg\" data-srcset=\"https:\/\/www.asociacionaralar.org\/wp-content\/uploads\/2024\/09\/WhatsApp-Image-2024-09-22-at-00.12.04-1-200x151.jpeg 200w, https:\/\/www.asociacionaralar.org\/wp-content\/uploads\/2024\/09\/WhatsApp-Image-2024-09-22-at-00.12.04-1-300x226.jpeg 300w, https:\/\/www.asociacionaralar.org\/wp-content\/uploads\/2024\/09\/WhatsApp-Image-2024-09-22-at-00.12.04-1-400x301.jpeg 400w, https:\/\/www.asociacionaralar.org\/wp-content\/uploads\/2024\/09\/WhatsApp-Image-2024-09-22-at-00.12.04-1-600x452.jpeg 600w, https:\/\/www.asociacionaralar.org\/wp-content\/uploads\/2024\/09\/WhatsApp-Image-2024-09-22-at-00.12.04-1-768x578.jpeg 768w, https:\/\/www.asociacionaralar.org\/wp-content\/uploads\/2024\/09\/WhatsApp-Image-2024-09-22-at-00.12.04-1-800x602.jpeg 800w, https:\/\/www.asociacionaralar.org\/wp-content\/uploads\/2024\/09\/WhatsApp-Image-2024-09-22-at-00.12.04-1-1024x771.jpeg 1024w, https:\/\/www.asociacionaralar.org\/wp-content\/uploads\/2024\/09\/WhatsApp-Image-2024-09-22-at-00.12.04-1-1200x903.jpeg 1200w, https:\/\/www.asociacionaralar.org\/wp-content\/uploads\/2024\/09\/WhatsApp-Image-2024-09-22-at-00.12.04-1-1320x993.jpeg 1320w, https:\/\/www.asociacionaralar.org\/wp-content\/uploads\/2024\/09\/WhatsApp-Image-2024-09-22-at-00.12.04-1-1536x1156.jpeg 1536w, https:\/\/www.asociacionaralar.org\/wp-content\/uploads\/2024\/09\/WhatsApp-Image-2024-09-22-at-00.12.04-1.jpeg 1600w\" data-sizes=\"auto\" \/><\/a>\n\t\t\t<\/dt><\/dl><dl class='gallery-item'>\n\t\t\t<dt class='gallery-icon landscape'>\n\t\t\t\t<a data-rel=\"iLightbox[postimages]\" data-title=\"WhatsApp Image 2024-09-21 at 12.47.31\" data-caption=\"\" href='https:\/\/www.asociacionaralar.org\/eu\/aralarren-lan-egiten-dugun-pertsonen-formakuntza-funtsezkoa-da-gure-lana-hobetzeko-horregatik-urrian-bi-hitzordu-ditugu-urriaren-4an-madrilen-izan-ginen-patologia-dualeko-espainiako-elkarteak-sep\/whatsapp-image-2024-09-21-at-12-47-31-2-2\/'><img decoding=\"async\" width=\"300\" height=\"225\" src=\"https:\/\/www.asociacionaralar.org\/wp-content\/uploads\/2024\/09\/WhatsApp-Image-2024-09-21-at-12.47.31-1-300x225.jpeg\" class=\"attachment-medium size-medium lazyload\" alt=\"\" srcset=\"data:image\/svg+xml,%3Csvg%20xmlns%3D%27http%3A%2F%2Fwww.w3.org%2F2000%2Fsvg%27%20width%3D%271600%27%20height%3D%271200%27%20viewBox%3D%270%200%201600%201200%27%3E%3Crect%20width%3D%271600%27%20height%3D%271200%27%20fill-opacity%3D%220%22%2F%3E%3C%2Fsvg%3E\" data-orig-src=\"https:\/\/www.asociacionaralar.org\/wp-content\/uploads\/2024\/09\/WhatsApp-Image-2024-09-21-at-12.47.31-1-300x225.jpeg\" data-srcset=\"https:\/\/www.asociacionaralar.org\/wp-content\/uploads\/2024\/09\/WhatsApp-Image-2024-09-21-at-12.47.31-1-200x150.jpeg 200w, https:\/\/www.asociacionaralar.org\/wp-content\/uploads\/2024\/09\/WhatsApp-Image-2024-09-21-at-12.47.31-1-300x225.jpeg 300w, https:\/\/www.asociacionaralar.org\/wp-content\/uploads\/2024\/09\/WhatsApp-Image-2024-09-21-at-12.47.31-1-400x300.jpeg 400w, https:\/\/www.asociacionaralar.org\/wp-content\/uploads\/2024\/09\/WhatsApp-Image-2024-09-21-at-12.47.31-1-600x450.jpeg 600w, https:\/\/www.asociacionaralar.org\/wp-content\/uploads\/2024\/09\/WhatsApp-Image-2024-09-21-at-12.47.31-1-768x576.jpeg 768w, https:\/\/www.asociacionaralar.org\/wp-content\/uploads\/2024\/09\/WhatsApp-Image-2024-09-21-at-12.47.31-1-800x600.jpeg 800w, https:\/\/www.asociacionaralar.org\/wp-content\/uploads\/2024\/09\/WhatsApp-Image-2024-09-21-at-12.47.31-1-1024x768.jpeg 1024w, https:\/\/www.asociacionaralar.org\/wp-content\/uploads\/2024\/09\/WhatsApp-Image-2024-09-21-at-12.47.31-1-1200x900.jpeg 1200w, https:\/\/www.asociacionaralar.org\/wp-content\/uploads\/2024\/09\/WhatsApp-Image-2024-09-21-at-12.47.31-1-1320x990.jpeg 1320w, https:\/\/www.asociacionaralar.org\/wp-content\/uploads\/2024\/09\/WhatsApp-Image-2024-09-21-at-12.47.31-1-1536x1152.jpeg 1536w, https:\/\/www.asociacionaralar.org\/wp-content\/uploads\/2024\/09\/WhatsApp-Image-2024-09-21-at-12.47.31-1.jpeg 1600w\" data-sizes=\"auto\" \/><\/a>\n\t\t\t<\/dt><\/dl><br style=\"clear: both\" \/><dl class='gallery-item'>\n\t\t\t<dt class='gallery-icon landscape'>\n\t\t\t\t<a data-rel=\"iLightbox[postimages]\" data-title=\"WhatsApp Image 2024-09-21 at 12.33.07 (3)\" data-caption=\"\" href='https:\/\/www.asociacionaralar.org\/eu\/aralarren-lan-egiten-dugun-pertsonen-formakuntza-funtsezkoa-da-gure-lana-hobetzeko-horregatik-urrian-bi-hitzordu-ditugu-urriaren-4an-madrilen-izan-ginen-patologia-dualeko-espainiako-elkarteak-sep\/whatsapp-image-2024-09-21-at-12-33-07-3-2-2\/'><img decoding=\"async\" width=\"300\" height=\"225\" src=\"https:\/\/www.asociacionaralar.org\/wp-content\/uploads\/2024\/09\/WhatsApp-Image-2024-09-21-at-12.33.07-3-1-300x225.jpeg\" class=\"attachment-medium size-medium lazyload\" alt=\"\" srcset=\"data:image\/svg+xml,%3Csvg%20xmlns%3D%27http%3A%2F%2Fwww.w3.org%2F2000%2Fsvg%27%20width%3D%271600%27%20height%3D%271200%27%20viewBox%3D%270%200%201600%201200%27%3E%3Crect%20width%3D%271600%27%20height%3D%271200%27%20fill-opacity%3D%220%22%2F%3E%3C%2Fsvg%3E\" data-orig-src=\"https:\/\/www.asociacionaralar.org\/wp-content\/uploads\/2024\/09\/WhatsApp-Image-2024-09-21-at-12.33.07-3-1-300x225.jpeg\" data-srcset=\"https:\/\/www.asociacionaralar.org\/wp-content\/uploads\/2024\/09\/WhatsApp-Image-2024-09-21-at-12.33.07-3-1-200x150.jpeg 200w, https:\/\/www.asociacionaralar.org\/wp-content\/uploads\/2024\/09\/WhatsApp-Image-2024-09-21-at-12.33.07-3-1-300x225.jpeg 300w, https:\/\/www.asociacionaralar.org\/wp-content\/uploads\/2024\/09\/WhatsApp-Image-2024-09-21-at-12.33.07-3-1-400x300.jpeg 400w, https:\/\/www.asociacionaralar.org\/wp-content\/uploads\/2024\/09\/WhatsApp-Image-2024-09-21-at-12.33.07-3-1-600x450.jpeg 600w, https:\/\/www.asociacionaralar.org\/wp-content\/uploads\/2024\/09\/WhatsApp-Image-2024-09-21-at-12.33.07-3-1-768x576.jpeg 768w, https:\/\/www.asociacionaralar.org\/wp-content\/uploads\/2024\/09\/WhatsApp-Image-2024-09-21-at-12.33.07-3-1-800x600.jpeg 800w, https:\/\/www.asociacionaralar.org\/wp-content\/uploads\/2024\/09\/WhatsApp-Image-2024-09-21-at-12.33.07-3-1-1024x768.jpeg 1024w, https:\/\/www.asociacionaralar.org\/wp-content\/uploads\/2024\/09\/WhatsApp-Image-2024-09-21-at-12.33.07-3-1-1200x900.jpeg 1200w, https:\/\/www.asociacionaralar.org\/wp-content\/uploads\/2024\/09\/WhatsApp-Image-2024-09-21-at-12.33.07-3-1-1320x990.jpeg 1320w, https:\/\/www.asociacionaralar.org\/wp-content\/uploads\/2024\/09\/WhatsApp-Image-2024-09-21-at-12.33.07-3-1-1536x1152.jpeg 1536w, https:\/\/www.asociacionaralar.org\/wp-content\/uploads\/2024\/09\/WhatsApp-Image-2024-09-21-at-12.33.07-3-1.jpeg 1600w\" data-sizes=\"auto\" \/><\/a>\n\t\t\t<\/dt><\/dl><dl class='gallery-item'>\n\t\t\t<dt class='gallery-icon landscape'>\n\t\t\t\t<a data-rel=\"iLightbox[postimages]\" data-title=\"WhatsApp Image 2024-09-21 at 12.33.07 (2)\" data-caption=\"\" href='https:\/\/www.asociacionaralar.org\/eu\/aralarren-lan-egiten-dugun-pertsonen-formakuntza-funtsezkoa-da-gure-lana-hobetzeko-horregatik-urrian-bi-hitzordu-ditugu-urriaren-4an-madrilen-izan-ginen-patologia-dualeko-espainiako-elkarteak-sep\/whatsapp-image-2024-09-21-at-12-33-07-2-2-2\/'><img decoding=\"async\" width=\"300\" height=\"225\" src=\"https:\/\/www.asociacionaralar.org\/wp-content\/uploads\/2024\/09\/WhatsApp-Image-2024-09-21-at-12.33.07-2-1-300x225.jpeg\" class=\"attachment-medium size-medium lazyload\" alt=\"\" srcset=\"data:image\/svg+xml,%3Csvg%20xmlns%3D%27http%3A%2F%2Fwww.w3.org%2F2000%2Fsvg%27%20width%3D%271600%27%20height%3D%271200%27%20viewBox%3D%270%200%201600%201200%27%3E%3Crect%20width%3D%271600%27%20height%3D%271200%27%20fill-opacity%3D%220%22%2F%3E%3C%2Fsvg%3E\" data-orig-src=\"https:\/\/www.asociacionaralar.org\/wp-content\/uploads\/2024\/09\/WhatsApp-Image-2024-09-21-at-12.33.07-2-1-300x225.jpeg\" data-srcset=\"https:\/\/www.asociacionaralar.org\/wp-content\/uploads\/2024\/09\/WhatsApp-Image-2024-09-21-at-12.33.07-2-1-200x150.jpeg 200w, https:\/\/www.asociacionaralar.org\/wp-content\/uploads\/2024\/09\/WhatsApp-Image-2024-09-21-at-12.33.07-2-1-300x225.jpeg 300w, https:\/\/www.asociacionaralar.org\/wp-content\/uploads\/2024\/09\/WhatsApp-Image-2024-09-21-at-12.33.07-2-1-400x300.jpeg 400w, https:\/\/www.asociacionaralar.org\/wp-content\/uploads\/2024\/09\/WhatsApp-Image-2024-09-21-at-12.33.07-2-1-600x450.jpeg 600w, https:\/\/www.asociacionaralar.org\/wp-content\/uploads\/2024\/09\/WhatsApp-Image-2024-09-21-at-12.33.07-2-1-768x576.jpeg 768w, https:\/\/www.asociacionaralar.org\/wp-content\/uploads\/2024\/09\/WhatsApp-Image-2024-09-21-at-12.33.07-2-1-800x600.jpeg 800w, https:\/\/www.asociacionaralar.org\/wp-content\/uploads\/2024\/09\/WhatsApp-Image-2024-09-21-at-12.33.07-2-1-1024x768.jpeg 1024w, https:\/\/www.asociacionaralar.org\/wp-content\/uploads\/2024\/09\/WhatsApp-Image-2024-09-21-at-12.33.07-2-1-1200x900.jpeg 1200w, https:\/\/www.asociacionaralar.org\/wp-content\/uploads\/2024\/09\/WhatsApp-Image-2024-09-21-at-12.33.07-2-1-1320x990.jpeg 1320w, https:\/\/www.asociacionaralar.org\/wp-content\/uploads\/2024\/09\/WhatsApp-Image-2024-09-21-at-12.33.07-2-1-1536x1152.jpeg 1536w, https:\/\/www.asociacionaralar.org\/wp-content\/uploads\/2024\/09\/WhatsApp-Image-2024-09-21-at-12.33.07-2-1.jpeg 1600w\" data-sizes=\"auto\" \/><\/a>\n\t\t\t<\/dt><\/dl><dl class='gallery-item'>\n\t\t\t<dt class='gallery-icon landscape'>\n\t\t\t\t<a data-rel=\"iLightbox[postimages]\" data-title=\"WhatsApp Image 2024-09-21 at 10.49.12\" data-caption=\"\" href='https:\/\/www.asociacionaralar.org\/eu\/aralarren-lan-egiten-dugun-pertsonen-formakuntza-funtsezkoa-da-gure-lana-hobetzeko-horregatik-urrian-bi-hitzordu-ditugu-urriaren-4an-madrilen-izan-ginen-patologia-dualeko-espainiako-elkarteak-sep\/whatsapp-image-2024-09-21-at-10-49-12-2\/'><img decoding=\"async\" width=\"300\" height=\"225\" src=\"https:\/\/www.asociacionaralar.org\/wp-content\/uploads\/2024\/09\/WhatsApp-Image-2024-09-21-at-10.49.12-300x225.jpeg\" class=\"attachment-medium size-medium lazyload\" alt=\"\" srcset=\"data:image\/svg+xml,%3Csvg%20xmlns%3D%27http%3A%2F%2Fwww.w3.org%2F2000%2Fsvg%27%20width%3D%271600%27%20height%3D%271200%27%20viewBox%3D%270%200%201600%201200%27%3E%3Crect%20width%3D%271600%27%20height%3D%271200%27%20fill-opacity%3D%220%22%2F%3E%3C%2Fsvg%3E\" data-orig-src=\"https:\/\/www.asociacionaralar.org\/wp-content\/uploads\/2024\/09\/WhatsApp-Image-2024-09-21-at-10.49.12-300x225.jpeg\" data-srcset=\"https:\/\/www.asociacionaralar.org\/wp-content\/uploads\/2024\/09\/WhatsApp-Image-2024-09-21-at-10.49.12-200x150.jpeg 200w, https:\/\/www.asociacionaralar.org\/wp-content\/uploads\/2024\/09\/WhatsApp-Image-2024-09-21-at-10.49.12-300x225.jpeg 300w, https:\/\/www.asociacionaralar.org\/wp-content\/uploads\/2024\/09\/WhatsApp-Image-2024-09-21-at-10.49.12-400x300.jpeg 400w, https:\/\/www.asociacionaralar.org\/wp-content\/uploads\/2024\/09\/WhatsApp-Image-2024-09-21-at-10.49.12-600x450.jpeg 600w, https:\/\/www.asociacionaralar.org\/wp-content\/uploads\/2024\/09\/WhatsApp-Image-2024-09-21-at-10.49.12-768x576.jpeg 768w, https:\/\/www.asociacionaralar.org\/wp-content\/uploads\/2024\/09\/WhatsApp-Image-2024-09-21-at-10.49.12-800x600.jpeg 800w, https:\/\/www.asociacionaralar.org\/wp-content\/uploads\/2024\/09\/WhatsApp-Image-2024-09-21-at-10.49.12-1024x768.jpeg 1024w, https:\/\/www.asociacionaralar.org\/wp-content\/uploads\/2024\/09\/WhatsApp-Image-2024-09-21-at-10.49.12-1200x900.jpeg 1200w, https:\/\/www.asociacionaralar.org\/wp-content\/uploads\/2024\/09\/WhatsApp-Image-2024-09-21-at-10.49.12-1320x990.jpeg 1320w, https:\/\/www.asociacionaralar.org\/wp-content\/uploads\/2024\/09\/WhatsApp-Image-2024-09-21-at-10.49.12-1536x1152.jpeg 1536w, https:\/\/www.asociacionaralar.org\/wp-content\/uploads\/2024\/09\/WhatsApp-Image-2024-09-21-at-10.49.12.jpeg 1600w\" data-sizes=\"auto\" \/><\/a>\n\t\t\t<\/dt><\/dl><br style=\"clear: both\" \/>\n\t\t<\/div>\n\n","protected":false},"excerpt":{"rendered":"<p>Kongresuak 250 pertsona bildu zituen, eta arreta integrala aztertuko du  &#8230;<\/p>\n","protected":false},"author":3,"featured_media":4956,"comment_status":"open","ping_status":"open","sticky":false,"template":"","format":"standard","meta":{"footnotes":""},"categories":[55],"tags":[],"class_list":["post-5031","post","type-post","status-publish","format-standard","has-post-thumbnail","hentry","category-la-asociacion-eu"],"_links":{"self":[{"href":"https:\/\/www.asociacionaralar.org\/eu\/wp-json\/wp\/v2\/posts\/5031","targetHints":{"allow":["GET"]}}],"collection":[{"href":"https:\/\/www.asociacionaralar.org\/eu\/wp-json\/wp\/v2\/posts"}],"about":[{"href":"https:\/\/www.asociacionaralar.org\/eu\/wp-json\/wp\/v2\/types\/post"}],"author":[{"embeddable":true,"href":"https:\/\/www.asociacionaralar.org\/eu\/wp-json\/wp\/v2\/users\/3"}],"replies":[{"embeddable":true,"href":"https:\/\/www.asociacionaralar.org\/eu\/wp-json\/wp\/v2\/comments?post=5031"}],"version-history":[{"count":1,"href":"https:\/\/www.asociacionaralar.org\/eu\/wp-json\/wp\/v2\/posts\/5031\/revisions"}],"predecessor-version":[{"id":5032,"href":"https:\/\/www.asociacionaralar.org\/eu\/wp-json\/wp\/v2\/posts\/5031\/revisions\/5032"}],"wp:featuredmedia":[{"embeddable":true,"href":"https:\/\/www.asociacionaralar.org\/eu\/wp-json\/wp\/v2\/media\/4956"}],"wp:attachment":[{"href":"https:\/\/www.asociacionaralar.org\/eu\/wp-json\/wp\/v2\/media?parent=5031"}],"wp:term":[{"taxonomy":"category","embeddable":true,"href":"https:\/\/www.asociacionaralar.org\/eu\/wp-json\/wp\/v2\/categories?post=5031"},{"taxonomy":"post_tag","embeddable":true,"href":"https:\/\/www.asociacionaralar.org\/eu\/wp-json\/wp\/v2\/tags?post=5031"}],"curies":[{"name":"wp","href":"https:\/\/api.w.org\/{rel}","templated":true}]}}