{"id":5651,"date":"2025-06-25T13:14:59","date_gmt":"2025-06-25T12:14:59","guid":{"rendered":"https:\/\/www.asociacionaralar.org\/25-urte-arartekoak-nafarroan-hasi-zenetik\/"},"modified":"2025-06-25T13:14:59","modified_gmt":"2025-06-25T12:14:59","slug":"25-urte-arartekoak-nafarroan-hasi-zenetik","status":"publish","type":"post","link":"https:\/\/www.asociacionaralar.org\/eu\/25-urte-arartekoak-nafarroan-hasi-zenetik\/","title":{"rendered":"25 urte Arartekoak Nafarroan hasi zenetik"},"content":{"rendered":"<p><img decoding=\"async\" class=\"lazyload wp-image-3850\" src=\"https:\/\/www.asociacionaralar.org\/wp-content\/uploads\/2023\/05\/DEFENSOR-TODOS1.jpg\" data-orig-src=\"https:\/\/www.asociacionaralar.org\/wp-content\/uploads\/2023\/05\/DEFENSOR-TODOS1.jpg\" alt=\"El Defensor del Pueblo junto con la jefa de gabinete del Defensor, Susana Galilea, acompa\u00f1ado por miembros de Aralar: Manu Buz\u00f3n, secretario de la junta directiva, Teresa Burgui, Coordinadora, Saioa Yeregui, psic\u00f3loga y Nieves Estabolite, monitora Voluntaria.\" width=\"617\" height=\"608\" srcset=\"data:image\/svg+xml,%3Csvg%20xmlns%3D%27http%3A%2F%2Fwww.w3.org%2F2000%2Fsvg%27%20width%3D%27617%27%20height%3D%27608%27%20viewBox%3D%270%200%20617%20608%27%3E%3Crect%20width%3D%27617%27%20height%3D%27608%27%20fill-opacity%3D%220%22%2F%3E%3C%2Fsvg%3E\" data-srcset=\"https:\/\/www.asociacionaralar.org\/wp-content\/uploads\/2023\/05\/DEFENSOR-TODOS1-66x66.jpg 66w, https:\/\/www.asociacionaralar.org\/wp-content\/uploads\/2023\/05\/DEFENSOR-TODOS1-200x197.jpg 200w, https:\/\/www.asociacionaralar.org\/wp-content\/uploads\/2023\/05\/DEFENSOR-TODOS1-300x296.jpg 300w, https:\/\/www.asociacionaralar.org\/wp-content\/uploads\/2023\/05\/DEFENSOR-TODOS1-400x394.jpg 400w, https:\/\/www.asociacionaralar.org\/wp-content\/uploads\/2023\/05\/DEFENSOR-TODOS1-600x592.jpg 600w, https:\/\/www.asociacionaralar.org\/wp-content\/uploads\/2023\/05\/DEFENSOR-TODOS1-768x757.jpg 768w, https:\/\/www.asociacionaralar.org\/wp-content\/uploads\/2023\/05\/DEFENSOR-TODOS1-800x789.jpg 800w, https:\/\/www.asociacionaralar.org\/wp-content\/uploads\/2023\/05\/DEFENSOR-TODOS1-1024x1010.jpg 1024w, https:\/\/www.asociacionaralar.org\/wp-content\/uploads\/2023\/05\/DEFENSOR-TODOS1.jpg 1161w\" data-sizes=\"auto\" data-orig-sizes=\"(max-width: 617px) 100vw, 617px\" \/><\/p>\n<p>Joan den ekainaren 25ean, Nafarroako Arartekoa sortu zuen Legearen 25. urteurrena ospatzeko ekitaldian parte hartu zuen Aralarrek, eta 150 pertsona inguru izan ziren bertan, horietako asko egungo defendatzaile Patxi Verak agintaldia hasi zuenetik bisitatu dituen gizarte erakundeetako ordezkariak.<\/p>\n<p>2023ko maiatzean Aralarren egoitza bisitatu zuen. Ikusi <a href=\"https:\/\/defensornavarra.es\/es\/noticias\/el-defensor-del-pueblo-de-navarra-nafarroako-arartekoa-situa-la-integracion-y-la-vivienda-como-los-retos-mas-urgentes-para-la-sociedad-navarra-en-el-corto-plazo\">HEMEN<\/a>.<\/p>\n<p>Nafarroako Arartekoak adierazi zuen integrazioa eta etxebizitza direla \u201cNafarroako gizarteak epe laburrean dituen erronka premiazkoenak\u201d. \u201cEstatu osoan bizi kalitate handiena duen komunitatean ezin dugu onartu jendea kalean lo egiten egotea, elikagairik gabe, hezkuntzarik gabe edo osasun arretarik gabe\u201d, esan zuen \u00c1ngel Gabilondo Herriaren Defendatzailearekin izandako elkarrizketa irekian, Iru\u00f1era joan baitzen oraingoan.<\/p>\n<p>Era berean, Nafarroako Arartekoak honako hau aldarrikatu zuen: \u201cadministrazio ona, herritarrek horretarako eskubidea dutelako eta horrek sistema demokratikoan konfiantza sortzen duelako, eta hori gaur egun beharrezkoa da\u201d. Halaber, \u201cesparru digital berrietan eskubideak babesten ikasteko\u201d beharra planteatu zuen, bereziki Adimen Artifizialaren aurrean. \u201cEta eskubideak eta askatasunak zabaltzea, inor ez dadin babesik gabe geratu ezjakintasunagatik\u201d,<\/p>\n<p>Ekitaldiaren kronika osoa kontsultatzeko, egin klik <a href=\"https:\/\/defensornavarra.es\/es\/noticias\/el-defensor-del-pueblo-de-navarra-nafarroako-arartekoa-situa-la-integracion-y-la-vivienda-como-los-retos-mas-urgentes-para-la-sociedad-navarra-en-el-corto-plazo\">HEMEN<\/a>.<\/p>\n","protected":false},"excerpt":{"rendered":"<p>Joan den ekainaren 25ean, Nafarroako Arartekoa sortu zuen Legearen 25.  &#8230;<\/p>\n","protected":false},"author":3,"featured_media":5457,"comment_status":"open","ping_status":"open","sticky":false,"template":"","format":"standard","meta":{"footnotes":""},"categories":[57,60],"tags":[],"class_list":["post-5651","post","type-post","status-publish","format-standard","has-post-thumbnail","hentry","category-derechos-eu","category-regulacion-juego-eu"],"_links":{"self":[{"href":"https:\/\/www.asociacionaralar.org\/eu\/wp-json\/wp\/v2\/posts\/5651","targetHints":{"allow":["GET"]}}],"collection":[{"href":"https:\/\/www.asociacionaralar.org\/eu\/wp-json\/wp\/v2\/posts"}],"about":[{"href":"https:\/\/www.asociacionaralar.org\/eu\/wp-json\/wp\/v2\/types\/post"}],"author":[{"embeddable":true,"href":"https:\/\/www.asociacionaralar.org\/eu\/wp-json\/wp\/v2\/users\/3"}],"replies":[{"embeddable":true,"href":"https:\/\/www.asociacionaralar.org\/eu\/wp-json\/wp\/v2\/comments?post=5651"}],"version-history":[{"count":0,"href":"https:\/\/www.asociacionaralar.org\/eu\/wp-json\/wp\/v2\/posts\/5651\/revisions"}],"wp:featuredmedia":[{"embeddable":true,"href":"https:\/\/www.asociacionaralar.org\/eu\/wp-json\/wp\/v2\/media\/5457"}],"wp:attachment":[{"href":"https:\/\/www.asociacionaralar.org\/eu\/wp-json\/wp\/v2\/media?parent=5651"}],"wp:term":[{"taxonomy":"category","embeddable":true,"href":"https:\/\/www.asociacionaralar.org\/eu\/wp-json\/wp\/v2\/categories?post=5651"},{"taxonomy":"post_tag","embeddable":true,"href":"https:\/\/www.asociacionaralar.org\/eu\/wp-json\/wp\/v2\/tags?post=5651"}],"curies":[{"name":"wp","href":"https:\/\/api.w.org\/{rel}","templated":true}]}}